{"id":5749,"date":"2018-02-14T12:41:43","date_gmt":"2018-02-14T12:41:43","guid":{"rendered":"http:\/\/hvitur.com\/?p=5749"},"modified":"2021-04-16T22:05:23","modified_gmt":"2021-04-16T22:05:23","slug":"tenerife-thridjudagur","status":"publish","type":"post","link":"https:\/\/hvitur.com\/index.php\/2018\/02\/14\/tenerife-thridjudagur\/","title":{"rendered":"Tenerife \u00feri\u00f0judagur"},"content":{"rendered":"<p>\u00deri\u00f0judagurinn t\u00f3k \u00e1 m\u00f3ti okkur me\u00f0 drungalegum sk\u00fdum. \u00c9g saup hveljur \u00feegar \u00e9g leit til himins en \u00e1kva\u00f0 a\u00f0 vera bara fastur fyrir. Engin moll og engar kraftg\u00f6ngur fyrir mig \u00ed dag.<\/p>\n<p class=\"lead\">Eftir morgunmatinn s\u00e1 \u00e9g a\u00f0 m\u00edn var farin a\u00f0 \u00f3kyrrast. \u00c9g t\u00f3k eftir \u00fev\u00ed a\u00f0 h\u00fan var \u00ed hlaupask\u00f3nnum s\u00ednum, stuttbuxum og hl\u00fdrabol og \u00f3m\u00e1lu\u00f0. H\u00fan var sem sagt ekki \u00fatb\u00fain fyrir verslunarfer\u00f0 sem \u00fe\u00fdddi a\u00f0 kraftganga var yfirvofandi.<br \/>\n\u201cHva\u00f0 \u00e6tlar \u00fe\u00fa a\u00f0 gera?\u201d Spur\u00f0i h\u00fan<br \/>\n\u201c\u00c9g \u00e6tla a\u00f0 sitja h\u00e9rna \u00ed 20 m\u00edn\u00fatur \u00e1 me\u00f0an herbergi\u00f0 er \u00ferifi\u00f0. \u00de\u00e1 \u00e6tla \u00e9g upp og \u00fat \u00e1 svalir a\u00f0 lesa e\u00f0a eitthva\u00f0. E\u00f0a bara gera ekki neitt. Vi\u00f0 s\u00e1tum me\u00f0 kaffibolla vi\u00f0 bor\u00f0 \u00ed h\u00f3telgar\u00f0inum.<br \/>\n\u201c\u00c9g er a\u00f0 hugsa um a\u00f0 fara \u00ed sm\u00e1 g\u00f6ngu. Bara stutta. Viltu koma me\u00f0?\u201d<br \/>\n\u00c9g sam\u00feykkti \u00fea\u00f0 en \u00feurfti fyrst a\u00f0 skipta um sk\u00f3 \u00feegar b\u00fai\u00f0 v\u00e6ri a\u00f0 \u00fer\u00edfa herbergi\u00f0.<br \/>\nEftir 10 m\u00edn\u00fatur var m\u00edn sta\u00f0in upp fr\u00e1 bor\u00f0inu og farin a\u00f0 tv\u00edst\u00edga \u00ed kringum mig.<br \/>\n\u201cHva\u00f0 erum vi\u00f0 b\u00fain a\u00f0 vera lengi h\u00e9rna?\u201d<br \/>\n\u201cBara 10 m\u00edn\u00fatur eftir.\u201d Sag\u00f0i \u00e9g.<\/p>\n<p>Alla gretti sig en l\u00e9t sig hafa \u00fea\u00f0 og eftir 10 m\u00edn\u00fatur f\u00f3rum vi\u00f0 upp \u00e1 herbergi. \u00de\u00e1 t\u00f3k vi\u00f0 sm\u00e1 vinna vi\u00f0 a\u00f0 svara t\u00f6lvup\u00f3stum en \u00feegar henni var loki\u00f0 var Alla hvergi sj\u00e1anleg. Eftir stutta leit fann \u00e9g hana \u00e1 s\u00f3larbekknum \u00fati \u00e1 sv\u00f6lum. Viti menn. S\u00f3lin var farin a\u00f0 sk\u00fdna.<br \/>\n\u201cJ\u00e6ja. Eigum vi\u00f0 ekki a\u00f0 koma?\u201d Spur\u00f0i \u00e9g.<br \/>\n\u201cNei. Ekki s\u00e9ns. R\u00e9ttu m\u00e9r s\u00f3larol\u00eduna sem er inni \u00e1 ba\u00f0i.\u201d<br \/>\nBlessu\u00f0 s\u00f3lin elskar allt og greinilega mig l\u00edka. Framundan var n\u00e1\u00f0ugur dagur \u00e1 sv\u00f6lunum.<\/p>\n<p>Um kv\u00f6ldi\u00f0 var haldi\u00f0 \u00ed heims\u00f3kn til Hannesar og Ingu sem dvelja \u00e1samt Siggu vinkonu Ingu og b\u00f6rnunum \u00e1 h\u00f3teli \u00ed Los Christianos. N\u00e1nast alveg uppi \u00ed fjalli. \u00dear var sest ni\u00f0ur \u00ed drykk og forr\u00e9tti \u00e1\u00f0ur en haldi\u00f0 var \u00e1 Chill Out steikh\u00fasi\u00f0 vi\u00f0 str\u00f6ndina. Steikh\u00fasi\u00f0 er skemmtilegur og flottur sta\u00f0ur og \u00fea\u00f0 var miki\u00f0 fj\u00f6r og gaman hj\u00e1 okkur en vi\u00f0 vorum 15 sem s\u00e1tum \u00fear vi\u00f0 bor\u00f0.<\/p>\n<p>Alla er b\u00fain a\u00f0 haga s\u00e9r undarlega vel \u00ed \u00feessari fer\u00f0. Engar skr\u00edtnar spurningar til \u00fej\u00f3na e\u00f0a starfsmanna verslana, h\u00fan er ekkert a\u00f0 \u00e6fa sig \u00ed sp\u00e6nskunni og greinilegt a\u00f0 h\u00fan hugsar um hvert or\u00f0 \u00e1\u00f0ur en h\u00fan l\u00e6tur \u00fea\u00f0 \u00fat \u00far s\u00e9r. \u00deanga\u00f0 til \u00ed kv\u00f6ld. Hressir og skemmtilegir \u00fej\u00f3nar \u00e1samt h\u00e6filegu magni af Heineken losa ofastst um m\u00e1lbeini\u00f0 hj\u00e1 henni.<br \/>\n\u00dej\u00f3ninn okkar var ungur og hress n\u00e1ungi fr\u00e1 su\u00f0ur amer\u00edku og var Alla a\u00f0 sj\u00e1lfs\u00f6g\u00f0u mj\u00f6g \u00e1hugas\u00f6m um hann.<\/p>\n<p>\u201cWhere are you from?\u201d Spur\u00f0i h\u00fan<br \/>\n\u201cVenezuela.\u201d Svara\u00f0i \u00fej\u00f3nnin<br \/>\n\u201c\u00d3 I have been there two times. Great place\u201d Sag\u00f0i Alla brosandi.<br \/>\n\u201cReally?\u201d Svara\u00f0i \u00fej\u00f3nninn brosandi og \u00e1hugasamur um hvar h\u00fan hafi veri\u00f0 \u00ed Venezuela.<br \/>\n\u201c\u00de\u00fa hefur aldrei komi\u00f0 til Venezuela Alla m\u00edn.\u201d Sag\u00f0i \u00e9g<br \/>\nH\u00fan leit \u00e1 mig og sag\u00f0i s\u00ed\u00f0an vi\u00f0 \u00fej\u00f3ninn. \u201cNo sorr\u00ed not Venezuela. I have been to Feneyjar.\u201d<br \/>\nS\u00ed\u00f0ar um kv\u00f6ldi\u00f0 kva\u00f0 vi\u00f0 \u00f3p fr\u00e1 Ragnhildi sem haf\u00f0i teki\u00f0 eftir einhverju kvikindi \u00e1 s\u00f3lhl\u00edfinni fyrir ofan sig. Alla var skj\u00f3t a\u00f0 breg\u00f0ast vi\u00f0, kalla\u00f0i \u00e1 \u00fej\u00f3ninn og sag\u00f0i:<br \/>\n\u201cEkskuse m\u00ed. Can you come here and take the kakkalakki? My friend does not like it.\u201d<br \/>\n\u00dej\u00f3ninn br\u00e1st skj\u00f3tt vi\u00f0 og fjarl\u00e6g\u00f0i kakkalakkann. Alla brosti til hans og sag\u00f0i: \u201cYou are so nice I like to kill you.\u201d<\/p>\n<p>S\u00f3lin er komin til Benirife enda ekki seinn v\u00e6nna \u00fear sem vi\u00f0 h\u00f6ldum heim \u00e1 morgun. M\u00e9r hefur tekist nokku\u00f0 vel a\u00f0 var\u00f0veita hv\u00edta litinn og \u00d6llu hefur tekist a\u00f0 n\u00e1 hverjum einasta s\u00f3lardropa \u00fat \u00far s\u00f3linni \u00ed \u00feessari fer\u00f0 og er or\u00f0in kaffibr\u00fan a\u00f0 vanda \u00fer\u00e1tt fyrir litla s\u00f3l og l\u00e1gan hita. \u00cd dag, mi\u00f0vikudag, er hei\u00f0sk\u00fdr himinn og glampandi s\u00f3l og engispretturnar \u00feekja strendurnar \u00fear sem enginn m\u00f6guleiki er \u00e1 a\u00f0 finna lausan s\u00f3larbekk. Maurafj\u00f6ldinn \u00e1 a\u00f0alg\u00f6tunni hefur tv\u00f6faldast fr\u00e1 s\u00ed\u00f0ustu viku og lj\u00f3st a\u00f0 f\u00f3lksflutningar til eyjanna hafa veri\u00f0 miklir \u00e1 s\u00ed\u00f0ustu d\u00f6gum.<\/p>\n<p>\u00c1 morgun kemur n\u00fdr dagur og vi\u00f0 tekur 8 t\u00edma fer\u00f0alag heim \u00ed snj\u00f3inn \u00e1 \u00cdslandi.<\/p>\n","protected":false},"excerpt":{"rendered":"","protected":false},"author":1,"featured_media":6181,"comment_status":"closed","ping_status":"open","sticky":false,"template":"","format":"standard","meta":{"footnotes":""},"categories":[47],"tags":[],"class_list":["post-5749","post","type-post","status-publish","format-standard","has-post-thumbnail","hentry","category-pistlar-2018"],"_links":{"self":[{"href":"https:\/\/hvitur.com\/index.php\/wp-json\/wp\/v2\/posts\/5749","targetHints":{"allow":["GET"]}}],"collection":[{"href":"https:\/\/hvitur.com\/index.php\/wp-json\/wp\/v2\/posts"}],"about":[{"href":"https:\/\/hvitur.com\/index.php\/wp-json\/wp\/v2\/types\/post"}],"author":[{"embeddable":true,"href":"https:\/\/hvitur.com\/index.php\/wp-json\/wp\/v2\/users\/1"}],"replies":[{"embeddable":true,"href":"https:\/\/hvitur.com\/index.php\/wp-json\/wp\/v2\/comments?post=5749"}],"version-history":[{"count":2,"href":"https:\/\/hvitur.com\/index.php\/wp-json\/wp\/v2\/posts\/5749\/revisions"}],"predecessor-version":[{"id":6437,"href":"https:\/\/hvitur.com\/index.php\/wp-json\/wp\/v2\/posts\/5749\/revisions\/6437"}],"wp:featuredmedia":[{"embeddable":true,"href":"https:\/\/hvitur.com\/index.php\/wp-json\/wp\/v2\/media\/6181"}],"wp:attachment":[{"href":"https:\/\/hvitur.com\/index.php\/wp-json\/wp\/v2\/media?parent=5749"}],"wp:term":[{"taxonomy":"category","embeddable":true,"href":"https:\/\/hvitur.com\/index.php\/wp-json\/wp\/v2\/categories?post=5749"},{"taxonomy":"post_tag","embeddable":true,"href":"https:\/\/hvitur.com\/index.php\/wp-json\/wp\/v2\/tags?post=5749"}],"curies":[{"name":"wp","href":"https:\/\/api.w.org\/{rel}","templated":true}]}}