{"id":5730,"date":"2019-04-23T09:43:51","date_gmt":"2019-04-23T09:43:51","guid":{"rendered":"http:\/\/hvitur.com\/?p=5730"},"modified":"2021-04-16T22:10:19","modified_gmt":"2021-04-16T22:10:19","slug":"buda-pest","status":"publish","type":"post","link":"https:\/\/hvitur.com\/index.php\/2019\/04\/23\/buda-pest\/","title":{"rendered":"Buda-Pest"},"content":{"rendered":"<p>\u00deegar \u00e9g lag\u00f0ist \u00e1 koddann \u00ed g\u00e6r \u00e1tti \u00e9g frekar erfitt me\u00f0 a\u00f0 sofna. \u00dea\u00f0 var eitthva\u00f0 sem var . Eitthva\u00f0 sem angra\u00f0i mig. Allt \u00ed einu fatta\u00f0i \u00e9g hva\u00f0 \u00fea\u00f0 var. \u00c9g haf\u00f0i veri\u00f0 r\u00e6ndur \u00ed B\u00fadapest.<\/p>\n<p>Eftir matinn fyrr um kv\u00f6ldi\u00f0 h\u00f6f\u00f0um vi\u00f0 fari\u00f0 5 saman \u00e1 veitingasta\u00f0 r\u00e9tt vi\u00f0 h\u00f3teli\u00f0 til a\u00f0 f\u00e1 okkur einn drykk fyrir svefninn. R\u00fanar var reyndar farinn inn \u00e1 h\u00f3tel a\u00f0 sofa sem er ekki skr\u00fdti\u00f0 \u00fear sem hann er aldursforsetinn \u00ed h\u00f3pnum og hefur ekki sama \u00fathald vi\u00f0 hin sem yngri erum. Menn \u00e1 hans aldri \u00feurfa bara meiri svefn. \u00deegar allir voru b\u00fanir a\u00f0 kl\u00e1ra drykkina s\u00edna borga\u00f0i \u00e9g en aldrei \u00feessu vant \u00fe\u00e1 leit \u00e9g ekki \u00e1 posann \u00feegar \u00e9g sl\u00f3 lykilor\u00f0i\u00f0 inn og gleymdi a\u00f0 taka kvittunina me\u00f0 m\u00e9r. \u00deetta voru j\u00fa l\u00edka bara 4 drykkir sem \u00e1 \u00edslenskan m\u00e6likvar\u00f0a kosta \u201eekki neitt\u201c \u00ed Ungverjalandi. Upph\u00e6\u00f0in sem \u00e9g haf\u00f0i borga\u00f0 fyrir \u00feessa 4 drykki var 17.900 ungverskir eitthva\u00f0 (veit ekki hva\u00f0 gjaldmi\u00f0illinn heitir) sem gerir um 8.000.- \u00edslenskar kr\u00f3nur. \u00c1 \u00cdslandi hef\u00f0i \u00feetta veri\u00f0 e\u00f0ilegt en ekki \u00ed Ungverjalandi.<\/p>\n<p>Fyrsta verk morgunsins var a\u00f0 heims\u00e6kja veitingah\u00fasi\u00f0 og kvarta yfir \u00feessu. \u00c9g var vel studdur af \u00d6llu og Eddu og sag\u00f0i \u00fej\u00f3ninum farir m\u00ednar ekki sl\u00e9ttar. \u00deetta enda\u00f0i allt me\u00f0 \u00fev\u00ed a\u00f0 framkv\u00e6mdastj\u00f3rinn m\u00e6tti \u00e1 sv\u00e6\u00f0i\u00f0. Hann var mj\u00f6g almennilegur en af \u00fev\u00ed a\u00f0 \u00e9g var ekki me\u00f0 kvittunina \u00fe\u00e1 sag\u00f0ist hann ekki geta endurgreitt m\u00e9r. Hann bau\u00f0st hins vegar til a\u00f0 gefa okkur eitthva\u00f0 a\u00f0 bor\u00f0a og ni\u00f0ursta\u00f0an var\u00f0 s\u00fa a\u00f0 vi\u00f0 fengum 3 tertusnei\u00f0ar \u00ed nesti. \u00deetta var sm\u00e1 bragab\u00f3t og sem betur f\u00f3r \u00fe\u00e1 f\u00f3r ekki allt \u00ed steik vi\u00f0 \u00feetta heldur bara \u00ed k\u00f6ku.<\/p>\n<p>\u00cd sta\u00f0 \u00feess a\u00f0 f\u00e1 n\u00fa a\u00f0 slappa af og g\u00e6\u00f0a s\u00e9r \u00e1 k\u00f6kunum \u00ed r\u00f3legheitum var \u00feeim skellt inn \u00ed \u00edssk\u00e1p \u00e1 h\u00f3telinu og m\u00e9r dr\u00f6sla\u00f0 af sta\u00f0 \u00ed sko\u00f0unarfer\u00f0 a\u00f0 \u201efrelsisstyttunni\u201c e\u00f0a \u201enafnlausu konunni\u201c. H\u00fan stendur \u00e1 h\u00e6stu h\u00e6\u00f0inni vi\u00f0 borgina \u201eB\u00fada\u201c megin \u00e1rinnar.<br \/>\nH\u00e9r er manni ekki s\u00fdnd nein miskunn og \u00feegar Torfhildur stakk upp \u00e1 \u00fev\u00ed a\u00f0 myndum labba \u00fearna uppeftir m\u00f3tm\u00e6lti \u00e9g kr\u00f6ftuglega og f\u00e9kk \u00fea\u00f0 \u00ed gegn a\u00f0 vi\u00f0 f\u00e6rum \u00ed leigub\u00edl upp og l\u00f6bbu\u00f0um ni\u00f0ur. \u00dats\u00fdni\u00f0, \u00feegar upp var komi\u00f0, var fr\u00e1b\u00e6rt og \u00fea\u00f0 var gaman a\u00f0 sko\u00f0a sig um \u00fearna uppi en \u00f6ll gle\u00f0i tekur enda og ni\u00f0urfer\u00f0in var frekar erfi\u00f0. Brattar brekkur og steintr\u00f6ppur og engu l\u00edkara en lappirnar \u00e1 m\u00e9r v\u00e6ru f\u00fanar og hn\u00e9n h\u00e1lf laus \u00ed s\u00e9r.<\/p>\n<p>\u201e\u00de\u00fa \u00fearft a\u00f0 hreyfa \u00feig meira.\u201c Sag\u00f0i Alla. \u201eOg fara \u00ed sund eins og \u00fe\u00fa varst b\u00fainn a\u00f0 lofa.\u201c B\u00e6tti h\u00fan vi\u00f0.<br \/>\n\u201e\u00c9g hreyfi mig alveg.\u201c Svara\u00f0i \u00e9g og b\u00f6lva\u00f0i \u00ed hlj\u00f3\u00f0i yfir \u00fev\u00ed a\u00f0 hafa sagt henni um \u00e1ram\u00f3tin a\u00f0 mitt heit v\u00e6ri a\u00f0 ganga \u00e1 fj\u00f6ll \u00e1 \u00feessu \u00e1ri og fara oftar \u00ed sund. H\u00fan gleymir sko ekki \u00fev\u00ed sem er sagt vi\u00f0 hana.<br \/>\n\u201e\u00de\u00fa \u00e6ttir a\u00f0 f\u00e1 \u00fe\u00e9r svona stafi til a\u00f0 ganga me\u00f0.\u201c Stakk Edda \u00de\u00f3runn upp \u00e1. \u201e\u00de\u00e1 ver\u00f0ur au\u00f0veldara fyrir \u00feig a\u00f0 labba \u00e1 fj\u00f6ll.\u201c<br \/>\n\u201e\u00c9g get gengi\u00f0 alveg \u00f3studdur\u201c. Svara\u00f0i \u00e9g. \u201e\u00c9g \u00fearf enga stafi til a\u00f0 sty\u00f0ja mig vi\u00f0.\u201c<br \/>\n\u201e\u00deeir myndu samt hj\u00e1lpa \u00fe\u00e9r.\u201c Sag\u00f0i Edda. \u201e\u00c9g s\u00e9 oft gamalt f\u00f3lk me\u00f0 stafi a\u00f0 ganga upp Esjuna.\u201c<\/p>\n<p>\u00c9g var n\u00fa b\u00fainn a\u00f0 nefna \u00fea\u00f0 a\u00f0 \u00e9g \u00e6tla\u00f0i a\u00f0 ganga einhver fj\u00f6ll heima \u00ed sumar en eftir \u00feessa fer\u00f0 \u00fe\u00e1 er \u00e9g efins um a\u00f0 \u00e9g \u00feurfi \u00feess nokku\u00f0. \u00c9g er \u00f6rugglega b\u00fainn a\u00f0 ganga \u00fe\u00fasund k\u00edl\u00f3metra h\u00e9rna \u00fati sem \u00e6tti n\u00fa a\u00f0 vera \u00e1g\u00e6tis afrek fyrir mann eins og mig. \u00c9g tel mig n\u00fa vera \u00ed \u00e1g\u00e6tis formi enda labba \u00e9g \u00ed vinnuna \u00e1 hverjum degi, en svona borgarfer\u00f0ir geta teki\u00f0 \u00e1. \u00c9g \u00feakka n\u00fana m\u00ednum s\u00e6la fyrir a\u00f0 hafa sloppi\u00f0 vi\u00f0 a\u00f0 vera pokad\u00fdr og a\u00f0 flestar tuskub\u00fa\u00f0ir voru loka\u00f0ar \u00ed g\u00e6r og \u00ed dag. Ef \u00fe\u00e6r hef\u00f0u veri\u00f0 opnar er nokku\u00f0 lj\u00f3st a\u00f0 \u00e9g hef\u00f0i \u00feurft a\u00f0 taka aftur til minna fyrri starfa sem pokad\u00fdr og \u00e9g hreinlega veit ekki hvernig \u00fe\u00e1 hef\u00f0i fari\u00f0 fyrir m\u00e9r.<\/p>\n<p>N\u00fa er a\u00f0 l\u00ed\u00f0a a\u00f0 lokum fer\u00f0ar. Edda og Maggi fara til baka til Martin \u00ed kv\u00f6ld og vi\u00f0 g\u00f6mlu h\u00f6ldum heim \u00e1 lei\u00f0 \u00ed n\u00f3tt. \u00deessi fer\u00f0 er b\u00fain a\u00f0 vera fr\u00e1b\u00e6r, gaman a\u00f0 heims\u00e6kja krakkana til Martin og B\u00fadapest er flott borg. M\u00e9r l\u00edkar bara nokku\u00f0 vel vi\u00f0 Ungverja, fyrir utan \u00feessa sem r\u00e6ndu mig. \u00deeir eru kurteisir og tala flestir ensku en \u00fea\u00f0 sem mestu m\u00e1li skiptir \u00fe\u00e1 loka \u00feeir tuskub\u00fa\u00f0unum um p\u00e1skana.<\/p>\n","protected":false},"excerpt":{"rendered":"","protected":false},"author":1,"featured_media":6072,"comment_status":"closed","ping_status":"open","sticky":false,"template":"","format":"standard","meta":{"footnotes":""},"categories":[46],"tags":[],"class_list":["post-5730","post","type-post","status-publish","format-standard","has-post-thumbnail","hentry","category-pistlar-2019"],"_links":{"self":[{"href":"https:\/\/hvitur.com\/index.php\/wp-json\/wp\/v2\/posts\/5730","targetHints":{"allow":["GET"]}}],"collection":[{"href":"https:\/\/hvitur.com\/index.php\/wp-json\/wp\/v2\/posts"}],"about":[{"href":"https:\/\/hvitur.com\/index.php\/wp-json\/wp\/v2\/types\/post"}],"author":[{"embeddable":true,"href":"https:\/\/hvitur.com\/index.php\/wp-json\/wp\/v2\/users\/1"}],"replies":[{"embeddable":true,"href":"https:\/\/hvitur.com\/index.php\/wp-json\/wp\/v2\/comments?post=5730"}],"version-history":[{"count":3,"href":"https:\/\/hvitur.com\/index.php\/wp-json\/wp\/v2\/posts\/5730\/revisions"}],"predecessor-version":[{"id":6445,"href":"https:\/\/hvitur.com\/index.php\/wp-json\/wp\/v2\/posts\/5730\/revisions\/6445"}],"wp:featuredmedia":[{"embeddable":true,"href":"https:\/\/hvitur.com\/index.php\/wp-json\/wp\/v2\/media\/6072"}],"wp:attachment":[{"href":"https:\/\/hvitur.com\/index.php\/wp-json\/wp\/v2\/media?parent=5730"}],"wp:term":[{"taxonomy":"category","embeddable":true,"href":"https:\/\/hvitur.com\/index.php\/wp-json\/wp\/v2\/categories?post=5730"},{"taxonomy":"post_tag","embeddable":true,"href":"https:\/\/hvitur.com\/index.php\/wp-json\/wp\/v2\/tags?post=5730"}],"curies":[{"name":"wp","href":"https:\/\/api.w.org\/{rel}","templated":true}]}}