{"id":5721,"date":"2019-04-24T18:22:08","date_gmt":"2019-04-24T18:22:08","guid":{"rendered":"http:\/\/hvitur.com\/?p=5721"},"modified":"2021-04-16T22:09:12","modified_gmt":"2021-04-16T22:09:12","slug":"reykjavik-martin","status":"publish","type":"post","link":"https:\/\/hvitur.com\/index.php\/2019\/04\/24\/reykjavik-martin\/","title":{"rendered":"Reykjav\u00edk-Martin"},"content":{"rendered":"<p>Fer\u00f0in til Martin gekk bara vel. Flogi\u00f0 var me\u00f0 Wizz air fr\u00e1 Keflav\u00edk til B\u00fadapest \u00fear sem leigub\u00edll bei\u00f0 okkar. Vi\u00f0 t\u00f3ku 3,5 t\u00edmar \u00ed leigub\u00edl sem gengu bara vel. S\u00e9rstaklega eftir a\u00f0 Alla haf\u00f0i \u00e1tta\u00f0 sig \u00e1 \u00fev\u00ed a\u00f0 h\u00fan var \u00ed austur evr\u00f3pu og leigub\u00edlstj\u00f3rinn var Sl\u00f3vaki en ekki Sp\u00e1nverji. Hann skildi ekki \u201esi si\u201c e\u00f0a \u00f6nnur sp\u00e6nsk or\u00f0.<br \/>\nEftir aksturinn \u00ed leigub\u00edlnum b\u00f3ku\u00f0um vi\u00f0 okkur inn \u00e1 h\u00f3tel Turiec \u00ed Martin og h\u00e9ldum s\u00ed\u00f0an heim til Eddu og Magga \u00fear sem okkar bei\u00f0 g\u00f3ms\u00e6tt Lasagne. Klukkan var or\u00f0in margt og allir \u00fereyttir eftir fer\u00f0alagi\u00f0 \u00feannig a\u00f0 flj\u00f3tlega var haldi\u00f0 til baka \u00e1 h\u00f3teli\u00f0.<\/p>\n<p>&nbsp;<\/p>\n<p>H\u00f3tel Turiec er flott og snyrtilegt 4 stj\u00f6rnu h\u00f3tel sem lokar kl. 22.00 og ef ma\u00f0ur er \u00e1 fe\u00f0inni eftir \u00feann t\u00edma \u00fearf a\u00f0 hringja dyrabj\u00f6llunni til a\u00f0 komast inn. \u00deegar \u00e9g \u00e1kva\u00f0 eitt kv\u00f6ldi\u00f0 um kl. 23.00 a\u00f0 fara a\u00f0eins \u00fat a\u00f0 g\u00e1 til ve\u00f0urs og f\u00e1 m\u00e9r hreint loft h\u00e9lt \u00e9g a\u00f0 \u00e9g v\u00e6ri \u00ed Twilight zone e\u00f0a a\u00f0 t\u00edminn \u00e1 \u00farinu m\u00ednu v\u00e6ri kolrangur. H\u00f3tel m\u00f3ttakan var myrkvu\u00f0 og enginn starfsma\u00f0ur sj\u00e1anlegur. M\u00e9r t\u00f3ks \u00fe\u00f3 eftir stutta leit a\u00f0 finna einn til a\u00f0 hleypa m\u00e9r \u00fat og inn aftur nokkrum m\u00edn\u00fatum seinna. \u00cdb\u00faar Martin eru v\u00edst ekki n\u00e6turhrafnar og flestir vir\u00f0ast komnir \u00ed h\u00e1ttinn um kl. 21.00. \u00deeir eru hins vegar miklir morgunhanar og komnir \u00e1 fulla fer\u00f0 um kl. 6.00.<\/p>\n<p>Eftir g\u00f3\u00f0an n\u00e6tursvefn og morgunver\u00f0 \u00e1 h\u00f3telinu n\u00e6sta dag var haldi\u00f0 heim til Eddu og Magga og um kv\u00f6ldi\u00f0 bor\u00f0u\u00f0um vi\u00f0 p\u00e1ksamat a\u00f0 h\u00e6tti Sl\u00f3vaka \u00e1 h\u00f3telinu. Alla f\u00e9kk reyndar bara forr\u00e9tt \u00fear sem \u00fej\u00f3nninn skildi ekki sp\u00e6nsku en vi\u00f0 hin vorum s\u00e6milega s\u00e1tt vi\u00f0 okkar mat.<br \/>\nN\u00e6sta morgun, \u00e1 fimmtudegi, var s\u00ed\u00f0an eki\u00f0 til baka ni\u00f0ur til Budapest \u00fear sem vi\u00f0 erum n\u00fana \u00ed g\u00f3\u00f0u yfirl\u00e6ti \u00e1 s\u00e6milegu h\u00f3teli \u00ed mi\u00f0b\u00e6num.<\/p>\n<p>\u00cd g\u00e6r f\u00f3rum vi\u00f0 \u00ed sko\u00f0unarfer\u00f0 \u00ed Budakastala \u00fear sem vi\u00f0 heims\u00f3ttum \u201esj\u00fakrah\u00fasi\u00f0 \u00ed klettinum\u201c en \u00fea\u00f0 er sj\u00fakrah\u00fas sem byggt var \u00ed hellakerfi undir kastalanum og nota\u00f0 til a\u00f0 sinna s\u00e6r\u00f0um \u00ed heimsstyrj\u00f6ldinni og uppreisn Ungverja gegn Sov\u00edetm\u00f6nnum. \u00c1 t\u00edmum kalda str\u00ed\u00f0sins var \u00fev\u00ed s\u00ed\u00f0an breytt \u00ed einskonar kjarnorkubyrgi. \u00dea\u00f0 var magna\u00f0 a\u00f0 sko\u00f0a \u00feetta safn.<\/p>\n<p>Til a\u00f0 komast \u00feanga\u00f0 t\u00f3kum vi\u00f0 leigub\u00edl og \u00ed \u00feetta skipti var b\u00edlstj\u00f3rinn kona. \u00dea\u00f0 t\u00f3k okkur ekki nema 5 m\u00edn\u00fatur a\u00f0 komast \u00e1 safni\u00f0 en \u00e1 lei\u00f0inni nota\u00f0i Alla t\u00e6kif\u00e6ri\u00f0 til a\u00f0 kynnast b\u00edlstj\u00f3ranum og gott ef h\u00fan er ekki b\u00fain a\u00f0 eignast \u00fear n\u00fdja facebook vinkonu. H\u00fan komst a\u00f0 \u00fev\u00ed a\u00f0 b\u00edlstj\u00f3rinn sem heitir Barbara, er Ungverskur s\u00edgauni sem hefur b\u00fai\u00f0 og starfa\u00f0 v\u00ed\u00f0a \u00ed heiminum. Alla sag\u00f0i henni allt um s\u00edna hagi og b\u00e6tti \u00fev\u00ed vi\u00f0 a\u00f0 h\u00fan elska\u00f0i s\u00edgauna og hafi l\u00edklega veri\u00f0 einn sl\u00edkur \u00ed fyrra l\u00edfi.<br \/>\nA\u00f0 sko\u00f0unarfer\u00f0 \u00ed Budakastala lokinni var haldi\u00f0 ni\u00f0ur a\u00f0 \u00e1 \u00fear sem vi\u00f0 f\u00f3rum um bor\u00f0 \u00ed svona \u201ehop on-hop off\u201c b\u00e1t. \u00dea\u00f0 var gaman a\u00f0 sigla um \u00e1na en upplifunin var ekkert s\u00e9rst\u00f6k \u00fear sem ekkert heyr\u00f0ist \u00ed lei\u00f0s\u00f6gumanninum \u00ed h\u00e1talarakerfi b\u00e1tsins. P\u00ednul\u00edti\u00f0 \u201eripp-off\u201c \u00fearna.<\/p>\n<p>\u00cd morgun, laugardag, l\u00e9t \u00e9g m\u00e6\u00f0gurnar s\u00ed\u00f0an plata mig til a\u00f0 ganga me\u00f0 \u00feeim \u00e1 Budamarka\u00f0inn. \u00dea\u00f0 var g\u00f3\u00f0 ganga enda gaman a\u00f0 sko\u00f0a sig um \u00ed borginni. Marka\u00f0urinn var st\u00f3r og mikill \u00e1 tveimur h\u00e6\u00f0um me\u00f0 matv\u00f6ru \u00e1 ne\u00f0ri h\u00e6\u00f0 og tuskum \u00e1 \u00feeirri efri. Sannkalla\u00f0 hryllingsh\u00fas sem ber a\u00f0 for\u00f0ast \u00ed lengstu l\u00f6g. \u00dearna berst ma\u00f0ur me\u00f0 straumnum \u00fat um allt innan um endalausa hillurekka me\u00f0 t\u00faristav\u00f6rum merktum borginni. \u00dea\u00f0 er t\u00f6lvuver\u00f0 \u00e1reynsla a\u00f0 komast \u00f3skadda\u00f0ur \u00ed gegnum svona marka\u00f0 og \u00e9g var mj\u00f6g feginn \u00feegar komst loksins \u00fat.<\/p>\n<p>Eitt gott hlaust \u00fe\u00f3 af \u00feessari fer\u00f0 \u00e1 marka\u00f0inn. \u00c9g f\u00e9kk \u00ed baki\u00f0 og var\u00f0 \u00feess vegna a\u00f0 tilkynna veikindi \u00ed verslunarfer\u00f0 dagsins \u00fear sem b\u00fai\u00f0 var a\u00f0 skipa mig pokad\u00fdr. \u00c9g f\u00e6 \u00feess vegna a\u00f0 hv\u00edla l\u00fain bein og skrifa \u00feetta \u00e1 me\u00f0an konurnar \u00e6\u00f0a b\u00fa\u00f0 \u00far b\u00fa\u00f0 \u00ed leit a\u00f0 einhverjum tuskum til a\u00f0 taka me\u00f0 heim. \u00c1 morgun er s\u00ed\u00f0an d\u00fdr\u00f0ardagur framundan \u00fear sem Ungverjar hafa fatab\u00fa\u00f0irnar loka\u00f0ar \u00e1 P\u00e1skadag.<\/p>\n","protected":false},"excerpt":{"rendered":"","protected":false},"author":1,"featured_media":5725,"comment_status":"closed","ping_status":"open","sticky":false,"template":"","format":"standard","meta":{"footnotes":""},"categories":[46],"tags":[],"class_list":["post-5721","post","type-post","status-publish","format-standard","has-post-thumbnail","hentry","category-pistlar-2019"],"_links":{"self":[{"href":"https:\/\/hvitur.com\/index.php\/wp-json\/wp\/v2\/posts\/5721","targetHints":{"allow":["GET"]}}],"collection":[{"href":"https:\/\/hvitur.com\/index.php\/wp-json\/wp\/v2\/posts"}],"about":[{"href":"https:\/\/hvitur.com\/index.php\/wp-json\/wp\/v2\/types\/post"}],"author":[{"embeddable":true,"href":"https:\/\/hvitur.com\/index.php\/wp-json\/wp\/v2\/users\/1"}],"replies":[{"embeddable":true,"href":"https:\/\/hvitur.com\/index.php\/wp-json\/wp\/v2\/comments?post=5721"}],"version-history":[{"count":3,"href":"https:\/\/hvitur.com\/index.php\/wp-json\/wp\/v2\/posts\/5721\/revisions"}],"predecessor-version":[{"id":6443,"href":"https:\/\/hvitur.com\/index.php\/wp-json\/wp\/v2\/posts\/5721\/revisions\/6443"}],"wp:featuredmedia":[{"embeddable":true,"href":"https:\/\/hvitur.com\/index.php\/wp-json\/wp\/v2\/media\/5725"}],"wp:attachment":[{"href":"https:\/\/hvitur.com\/index.php\/wp-json\/wp\/v2\/media?parent=5721"}],"wp:term":[{"taxonomy":"category","embeddable":true,"href":"https:\/\/hvitur.com\/index.php\/wp-json\/wp\/v2\/categories?post=5721"},{"taxonomy":"post_tag","embeddable":true,"href":"https:\/\/hvitur.com\/index.php\/wp-json\/wp\/v2\/tags?post=5721"}],"curies":[{"name":"wp","href":"https:\/\/api.w.org\/{rel}","templated":true}]}}